{"id":540,"date":"2006-09-27T15:00:29","date_gmt":"2006-09-27T13:00:29","guid":{"rendered":"http:\/\/www.dubbekarl.dk\/blog\/?p=540"},"modified":"2006-09-27T15:00:29","modified_gmt":"2006-09-27T13:00:29","slug":"berlinerbilleder","status":"publish","type":"post","link":"http:\/\/www.dubbekarl.dk\/blog\/2006\/09\/27\/berlinerbilleder\/","title":{"rendered":"Berliner-billeder"},"content":{"rendered":"<p>Her kommer nogen billeder, som jeg tog den f\u00f8rste aften (i s\u00f8ndags).<\/p>\n<p><img decoding=\"async\" src=\"\/blog\/wp-content\/images\/berlin-dag2-bygning.jpg\" \/><\/p>\n<p>Ovenst\u00e5ende aner jeg ikke hvad er for en gammel bygning, men den er da meget p\u00e6n.<\/p>\n<p><img decoding=\"async\" src=\"\/blog\/wp-content\/images\/berlin-dag2-dbbygning.jpg\" \/><\/p>\n<p>Hovedkvarteret for &#8220;Deutche Bahn&#8221; p\u00e5 Potsdamer Platz.<\/p>\n<p><img decoding=\"async\" src=\"\/blog\/wp-content\/images\/berlin-dag2-lysreklame2.jpg\" \/><\/p>\n<p>En bygningsfacade, som er en stor lysreklame. Bem\u00e6rk den hexagonale struktur i placeringen af de enkelte lamper\/p\u00e6rer.<\/p>\n<p><img decoding=\"async\" src=\"\/blog\/wp-content\/images\/berlin-dag2-lysreklame1.jpg\" \/><\/p>\n<p>Det meste af tiden er reklamen en musepil, der flyttes rundt, og hele bygningen blinker, n\u00e5r den klikker. Jeg fandt aldrig ud af, hvad det er en reklame for, men det er pisseirriterende med det blinkeri.<\/p>\n<p><img decoding=\"async\" src=\"\/blog\/wp-content\/images\/berlin-dag2-torv.jpg\" \/><\/p>\n<p>Torvet her ligger mellem en masse bygninger, og her ligger blandt andet ligger en IMAX-biograf, som jeg vil bes\u00f8ge i aften.<\/p>\n<p><img decoding=\"async\" src=\"\/blog\/wp-content\/images\/berlin-dag2-torvtag.jpg\" \/><\/p>\n<p>Torvet er overd\u00e6kket med et flot belyst kuppeltag.<\/p>\n","protected":false},"excerpt":{"rendered":"<p>Her kommer nogen billeder, som jeg tog den f\u00f8rste aften (i s\u00f8ndags). Ovenst\u00e5ende aner jeg ikke hvad er for en gammel bygning, men den er da meget p\u00e6n. Hovedkvarteret for &#8220;Deutche Bahn&#8221; p\u00e5 Potsdamer Platz. En bygningsfacade, som er en stor lysreklame. Bem\u00e6rk den hexagonale struktur i placeringen af de enkelte lamper\/p\u00e6rer. Det meste af [&hellip;]<\/p>\n","protected":false},"author":1,"featured_media":0,"comment_status":"open","ping_status":"open","sticky":false,"template":"","format":"standard","meta":{"_monsterinsights_skip_tracking":false,"_monsterinsights_sitenote_active":false,"_monsterinsights_sitenote_note":"","_monsterinsights_sitenote_category":0,"footnotes":""},"categories":[3],"tags":[],"class_list":["post-540","post","type-post","status-publish","format-standard","hentry","category-oplevelser"],"_links":{"self":[{"href":"http:\/\/www.dubbekarl.dk\/blog\/wp-json\/wp\/v2\/posts\/540","targetHints":{"allow":["GET"]}}],"collection":[{"href":"http:\/\/www.dubbekarl.dk\/blog\/wp-json\/wp\/v2\/posts"}],"about":[{"href":"http:\/\/www.dubbekarl.dk\/blog\/wp-json\/wp\/v2\/types\/post"}],"author":[{"embeddable":true,"href":"http:\/\/www.dubbekarl.dk\/blog\/wp-json\/wp\/v2\/users\/1"}],"replies":[{"embeddable":true,"href":"http:\/\/www.dubbekarl.dk\/blog\/wp-json\/wp\/v2\/comments?post=540"}],"version-history":[{"count":0,"href":"http:\/\/www.dubbekarl.dk\/blog\/wp-json\/wp\/v2\/posts\/540\/revisions"}],"wp:attachment":[{"href":"http:\/\/www.dubbekarl.dk\/blog\/wp-json\/wp\/v2\/media?parent=540"}],"wp:term":[{"taxonomy":"category","embeddable":true,"href":"http:\/\/www.dubbekarl.dk\/blog\/wp-json\/wp\/v2\/categories?post=540"},{"taxonomy":"post_tag","embeddable":true,"href":"http:\/\/www.dubbekarl.dk\/blog\/wp-json\/wp\/v2\/tags?post=540"}],"curies":[{"name":"wp","href":"https:\/\/api.w.org\/{rel}","templated":true}]}}