{"id":146,"date":"2005-07-10T23:02:06","date_gmt":"2005-07-10T21:02:06","guid":{"rendered":"http:\/\/www.dubbekarl.dk\/blog\/?p=146"},"modified":"2005-07-10T23:02:06","modified_gmt":"2005-07-10T21:02:06","slug":"saa-kom-avisen-endelig","status":"publish","type":"post","link":"https:\/\/www.dubbekarl.dk\/blog\/2005\/07\/10\/saa-kom-avisen-endelig\/","title":{"rendered":"S\u00e5 kom avisen endelig"},"content":{"rendered":"<p>Det er efterh\u00e5nden en m\u00e5neds tid siden jeg var til <a href=\"\/blog\/2005\/06\/17\/slotskoncerterne-i-hilleroed-i-loerdags\/\">shu-bi-dua-koncert i Hiller\u00f8d<\/a> og i den anledning blev jeg interviewet og fotograferet til avisen Hiller\u00f8dPosten, som udkom onsdag den 15. juni 2005 som nr. 24. Efter flere rykkere til aviseren fra <a href=\"http:\/\/www.gurli-klubben.dk\">Gurli-klubben<\/a> bestilte jeg selv et par eksemplarer, som kom med posten i g\u00e5r.<\/p>\n<p>Uden tilladelse til det bringer jeg herved det relevante indslag:<\/p>\n<p><img decoding=\"async\" src=\"\/blog\/wp-content\/images\/hilleroedposten.jpg\" \/><\/p>\n<p>Det sidste lykkedes i \u00f8vrigt ikke, og s\u00e5 synes jeg at det lykkedes fotografen at tage et overordentligt flot billede af undertegnede.<\/p>\n","protected":false},"excerpt":{"rendered":"<p>Det er efterh\u00e5nden en m\u00e5neds tid siden jeg var til shu-bi-dua-koncert i Hiller\u00f8d og i den anledning blev jeg interviewet og fotograferet til avisen Hiller\u00f8dPosten, som udkom onsdag den 15. juni 2005 som nr. 24. Efter flere rykkere til aviseren fra Gurli-klubben bestilte jeg selv et par eksemplarer, som kom med posten i g\u00e5r. Uden [&hellip;]<\/p>\n","protected":false},"author":1,"featured_media":0,"comment_status":"open","ping_status":"open","sticky":false,"template":"","format":"standard","meta":{"_monsterinsights_skip_tracking":false,"_monsterinsights_sitenote_active":false,"_monsterinsights_sitenote_note":"","_monsterinsights_sitenote_category":0,"footnotes":""},"categories":[6],"tags":[],"class_list":["post-146","post","type-post","status-publish","format-standard","hentry","category-personligt"],"_links":{"self":[{"href":"https:\/\/www.dubbekarl.dk\/blog\/wp-json\/wp\/v2\/posts\/146","targetHints":{"allow":["GET"]}}],"collection":[{"href":"https:\/\/www.dubbekarl.dk\/blog\/wp-json\/wp\/v2\/posts"}],"about":[{"href":"https:\/\/www.dubbekarl.dk\/blog\/wp-json\/wp\/v2\/types\/post"}],"author":[{"embeddable":true,"href":"https:\/\/www.dubbekarl.dk\/blog\/wp-json\/wp\/v2\/users\/1"}],"replies":[{"embeddable":true,"href":"https:\/\/www.dubbekarl.dk\/blog\/wp-json\/wp\/v2\/comments?post=146"}],"version-history":[{"count":0,"href":"https:\/\/www.dubbekarl.dk\/blog\/wp-json\/wp\/v2\/posts\/146\/revisions"}],"wp:attachment":[{"href":"https:\/\/www.dubbekarl.dk\/blog\/wp-json\/wp\/v2\/media?parent=146"}],"wp:term":[{"taxonomy":"category","embeddable":true,"href":"https:\/\/www.dubbekarl.dk\/blog\/wp-json\/wp\/v2\/categories?post=146"},{"taxonomy":"post_tag","embeddable":true,"href":"https:\/\/www.dubbekarl.dk\/blog\/wp-json\/wp\/v2\/tags?post=146"}],"curies":[{"name":"wp","href":"https:\/\/api.w.org\/{rel}","templated":true}]}}