{"id":267,"date":"2005-10-27T21:13:52","date_gmt":"2005-10-27T19:13:52","guid":{"rendered":"http:\/\/www.dubbekarl.dk\/blog\/?p=267"},"modified":"2005-10-27T21:13:52","modified_gmt":"2005-10-27T19:13:52","slug":"ole-kibsgaard-paa-oebro-bibliotek","status":"publish","type":"post","link":"https:\/\/www.dubbekarl.dk\/blog\/2005\/10\/27\/ole-kibsgaard-paa-oebro-bibliotek\/","title":{"rendered":"Ole Kibsgaard p\u00e5 \u00d8bro bibliotek"},"content":{"rendered":"<p>I formiddags havde ca. 20 unger og nogen f\u00e5 p\u00e6dagoger\/for\u00e6ldre sat sig til rette p\u00e5 puder og i stole p\u00e5 \u00d8bro Bibliotek p\u00e5 Jagtvej for at se og h\u00f8re <a href=\"http:\/\/www.olekibsgaard.dk\">Ole Kibsgaard<\/a> underholde i anledning af &#8220;Syng dansk&#8221;-dagen. Jeg tillod mig samtidig at tage en god time fri fra arbejdet og kigge forbi, og det var bestemt en god ide. Det er fantastisk at se Ole underholde p\u00e5 den m\u00e5de han g\u00f8r &#8211; med charme, humor, engagement, og alligevel helt nede p\u00e5 jorden.<\/p>\n<p><img decoding=\"async\" src=\"\/blog\/wp-content\/images\/ole_oebro1.jpg\" \/><\/p>\n<p>Underholdningen var en blanding af sange, som blev sunget og fremf\u00f8rt p\u00e5 guitar, samt en del tryllekunster &#8211; ogs\u00e5 et par, jeg ikke havde set ham fremf\u00f8re f\u00f8r. Ole lod i dag hans alter ego, den pukkelryggede Hergott Spiegelhauer (husker jeg rigtigt, Ole?), fremf\u00f8re tricket med t\u00f8rkl\u00e6derne og andet godt ud af \u00e6rmet.<\/p>\n<p><img decoding=\"async\" src=\"\/blog\/wp-content\/images\/ole_oebro4.jpg\" \/><\/p>\n<p>&#8220;S\u00e6tliste&#8221;:<\/p>\n<ol>\n<li>Navnesangen (Ole, Mavis, Vitus og alle)<\/li>\n<li>Andreas sang<\/li>\n<li>Kajs sang<\/li>\n<li>Jeg gik mig over s\u00f8 og land (Hoppeland, danseland, fr\u00f8-land og marieh\u00f8ne-land)<\/li>\n<li>Se min kjole (Lilla, r\u00f8d, bl\u00e5 og alle farver)<\/li>\n<li>B\u00f8vse-prutte-sangen<\/li>\n<li>Bakke-snagvendt-sangen<\/li>\n<li>&#8220;Farvel-sang&#8221;<\/li>\n<\/ol>\n<p>Den sidste sang var muligvis den samme titel-l\u00f8se sang, som blev fremf\u00f8rt af Ole og Karla p\u00e5 Pantomime-teatret for et par uger siden &#8211; et show jeg stadig skylder at skrive en anmeldelse af. M\u00e5ske kommer den meget snart.<\/p>\n<p><img decoding=\"async\" src=\"\/blog\/wp-content\/images\/ole_oebro2.jpg\" \/><\/p>\n<p>Showet varede ca. 45 minutter og lod til at v\u00e6re en forn\u00f8jelse for b\u00e5de Ole, b\u00f8rn, for\u00e6ldre og &#8211; ja, mig. Jeg blev sgu en lille Jan p\u00e5 4 \u00e5r igen, der jeg sad d\u00e9r &#8211; ene voksne mand uden egne b\u00f8rn &#8211; og f\u00f8lte sig lidt til grin.<\/p>\n<p>De gyldne \u00f8jeblikke i dag var:<\/p>\n<p><em>Jeg har hjemme i fr\u00f8-\u00f8 land,<br \/>\nfr\u00f8-\u00f8 land, fr\u00f8-\u00f8 land<br \/>\nog alle de som fr\u00f8-\u00f8 kan<br \/>\nde har hjemme i fr\u00f8-\u00f8 land<\/em><\/p>\n<p>og<\/p>\n<p><em>Se min kjole, den er lilla som spritterens snude.<br \/>\nAlt hvad jeg ejer, det er lilla som den.<br \/>\nDet er fordi jeg elsker alt det lilla<br \/>\nog fordi en dranker er min ven<\/em><\/p>\n<p>Jeg tager forbehold for fejl i citaterne, da de er taget fra hukommelsen.<\/p>\n","protected":false},"excerpt":{"rendered":"<p>I formiddags havde ca. 20 unger og nogen f\u00e5 p\u00e6dagoger\/for\u00e6ldre sat sig til rette p\u00e5 puder og i stole p\u00e5 \u00d8bro Bibliotek p\u00e5 Jagtvej for at se og h\u00f8re Ole Kibsgaard underholde i anledning af &#8220;Syng dansk&#8221;-dagen. Jeg tillod mig samtidig at tage en god time fri fra arbejdet og kigge forbi, og det var [&hellip;]<\/p>\n","protected":false},"author":1,"featured_media":0,"comment_status":"open","ping_status":"open","sticky":false,"template":"","format":"standard","meta":{"_monsterinsights_skip_tracking":false,"_monsterinsights_sitenote_active":false,"_monsterinsights_sitenote_note":"","_monsterinsights_sitenote_category":0,"footnotes":""},"categories":[4,5,3],"tags":[],"class_list":["post-267","post","type-post","status-publish","format-standard","hentry","category-anmeldelser","category-musik","category-oplevelser"],"_links":{"self":[{"href":"https:\/\/www.dubbekarl.dk\/blog\/wp-json\/wp\/v2\/posts\/267","targetHints":{"allow":["GET"]}}],"collection":[{"href":"https:\/\/www.dubbekarl.dk\/blog\/wp-json\/wp\/v2\/posts"}],"about":[{"href":"https:\/\/www.dubbekarl.dk\/blog\/wp-json\/wp\/v2\/types\/post"}],"author":[{"embeddable":true,"href":"https:\/\/www.dubbekarl.dk\/blog\/wp-json\/wp\/v2\/users\/1"}],"replies":[{"embeddable":true,"href":"https:\/\/www.dubbekarl.dk\/blog\/wp-json\/wp\/v2\/comments?post=267"}],"version-history":[{"count":0,"href":"https:\/\/www.dubbekarl.dk\/blog\/wp-json\/wp\/v2\/posts\/267\/revisions"}],"wp:attachment":[{"href":"https:\/\/www.dubbekarl.dk\/blog\/wp-json\/wp\/v2\/media?parent=267"}],"wp:term":[{"taxonomy":"category","embeddable":true,"href":"https:\/\/www.dubbekarl.dk\/blog\/wp-json\/wp\/v2\/categories?post=267"},{"taxonomy":"post_tag","embeddable":true,"href":"https:\/\/www.dubbekarl.dk\/blog\/wp-json\/wp\/v2\/tags?post=267"}],"curies":[{"name":"wp","href":"https:\/\/api.w.org\/{rel}","templated":true}]}}